{"id":25475,"date":"2022-08-22T16:37:25","date_gmt":"2022-08-22T16:37:25","guid":{"rendered":"https:\/\/corebe.org.ar\/web2022\/?p=25475"},"modified":"2022-09-23T13:38:25","modified_gmt":"2022-09-23T13:38:25","slug":"reunion-de-cobinabe-en-bermejo","status":"publish","type":"post","link":"https:\/\/corebe.org.ar\/web2022\/reunion-de-cobinabe-en-bermejo\/","title":{"rendered":"Reuni\u00f3n de COBINABE en Bermejo"},"content":{"rendered":"<p>El presidente de COREBE, Edgardo Castellano, particip\u00f3 de la reuni\u00f3n extraordinaria de la COBINABE en la localidad de Bermejo (Bolivia), donde se trat\u00f3 la factibilidad t\u00e9cnica del Proyecto Campo Grande \u2013 Porcelana.<\/p>\n<p>Se trata de un aprovechamiento h\u00eddrico del R\u00edo Bermejo para riego con gravedad, en una superficie de aproximadamente 2.500 hect\u00e1reas de la localidad de Bermejo.<\/p>\n","protected":false},"excerpt":{"rendered":"<p>El presidente de COREBE, Edgardo Castellano, particip\u00f3 de la reuni\u00f3n extraordinaria de la COBINABE en la localidad de Bermejo (Bolivia),&#8230;<\/p>\n","protected":false},"author":3,"featured_media":25476,"comment_status":"closed","ping_status":"closed","sticky":false,"template":"","format":"standard","meta":{"footnotes":""},"categories":[43],"tags":[],"class_list":{"0":"post-25475","1":"post","2":"type-post","3":"status-publish","4":"format-standard","5":"has-post-thumbnail","7":"category-noticias"},"yoast_head":"<!-- This site is optimized with the Yoast SEO plugin v19.6 - https:\/\/yoast.com\/wordpress\/plugins\/seo\/ -->\n<title>Reuni\u00f3n de COBINABE en Bermejo | COREBE<\/title>\n<meta name=\"robots\" content=\"index, follow, max-snippet:-1, max-image-preview:large, max-video-preview:-1\" \/>\n<link rel=\"canonical\" href=\"https:\/\/corebe.org.ar\/web2022\/reunion-de-cobinabe-en-bermejo\/\" \/>\n<meta property=\"og:locale\" content=\"es_ES\" \/>\n<meta property=\"og:type\" content=\"article\" \/>\n<meta property=\"og:title\" content=\"Reuni\u00f3n de COBINABE en Bermejo | COREBE\" \/>\n<meta property=\"og:description\" content=\"El presidente de COREBE, Edgardo Castellano, particip\u00f3 de la reuni\u00f3n extraordinaria de la COBINABE en la localidad de Bermejo (Bolivia),...\" \/>\n<meta property=\"og:url\" content=\"https:\/\/corebe.org.ar\/web2022\/reunion-de-cobinabe-en-bermejo\/\" \/>\n<meta property=\"og:site_name\" content=\"COREBE\" \/>\n<meta property=\"article:published_time\" content=\"2022-08-22T16:37:25+00:00\" \/>\n<meta property=\"article:modified_time\" content=\"2022-09-23T13:38:25+00:00\" \/>\n<meta property=\"og:image\" content=\"https:\/\/corebe.org.ar\/web2022\/wp-content\/uploads\/1.jpg\" \/>\n\t<meta property=\"og:image:width\" content=\"960\" \/>\n\t<meta property=\"og:image:height\" content=\"540\" \/>\n\t<meta property=\"og:image:type\" content=\"image\/jpeg\" \/>\n<meta name=\"author\" content=\"admin\" \/>\n<meta name=\"twitter:card\" content=\"summary_large_image\" \/>\n<meta name=\"twitter:creator\" content=\"@COREBE_Bermejo\" \/>\n<meta name=\"twitter:site\" content=\"@COREBE_Bermejo\" \/>\n<meta name=\"twitter:label1\" content=\"Escrito por\" \/>\n\t<meta name=\"twitter:data1\" content=\"admin\" \/>\n<script type=\"application\/ld+json\" class=\"yoast-schema-graph\">{\"@context\":\"https:\/\/schema.org\",\"@graph\":[{\"@type\":\"Article\",\"@id\":\"https:\/\/corebe.org.ar\/web2022\/reunion-de-cobinabe-en-bermejo\/#article\",\"isPartOf\":{\"@id\":\"https:\/\/corebe.org.ar\/web2022\/reunion-de-cobinabe-en-bermejo\/\"},\"author\":{\"name\":\"admin\",\"@id\":\"https:\/\/corebe.org.ar\/web2022\/#\/schema\/person\/bc52db20ad18a8ada6a778e05fbd3358\"},\"headline\":\"Reuni\u00f3n de COBINABE en Bermejo\",\"datePublished\":\"2022-08-22T16:37:25+00:00\",\"dateModified\":\"2022-09-23T13:38:25+00:00\",\"mainEntityOfPage\":{\"@id\":\"https:\/\/corebe.org.ar\/web2022\/reunion-de-cobinabe-en-bermejo\/\"},\"wordCount\":66,\"publisher\":{\"@id\":\"https:\/\/corebe.org.ar\/web2022\/#organization\"},\"articleSection\":[\"Noticias\"],\"inLanguage\":\"es\"},{\"@type\":\"WebPage\",\"@id\":\"https:\/\/corebe.org.ar\/web2022\/reunion-de-cobinabe-en-bermejo\/\",\"url\":\"https:\/\/corebe.org.ar\/web2022\/reunion-de-cobinabe-en-bermejo\/\",\"name\":\"Reuni\u00f3n de COBINABE en Bermejo | COREBE\",\"isPartOf\":{\"@id\":\"https:\/\/corebe.org.ar\/web2022\/#website\"},\"datePublished\":\"2022-08-22T16:37:25+00:00\",\"dateModified\":\"2022-09-23T13:38:25+00:00\",\"breadcrumb\":{\"@id\":\"https:\/\/corebe.org.ar\/web2022\/reunion-de-cobinabe-en-bermejo\/#breadcrumb\"},\"inLanguage\":\"es\",\"potentialAction\":[{\"@type\":\"ReadAction\",\"target\":[\"https:\/\/corebe.org.ar\/web2022\/reunion-de-cobinabe-en-bermejo\/\"]}]},{\"@type\":\"BreadcrumbList\",\"@id\":\"https:\/\/corebe.org.ar\/web2022\/reunion-de-cobinabe-en-bermejo\/#breadcrumb\",\"itemListElement\":[{\"@type\":\"ListItem\",\"position\":1,\"name\":\"Portada\",\"item\":\"https:\/\/corebe.org.ar\/web2022\/\"},{\"@type\":\"ListItem\",\"position\":2,\"name\":\"Reuni\u00f3n de COBINABE en Bermejo\"}]},{\"@type\":\"WebSite\",\"@id\":\"https:\/\/corebe.org.ar\/web2022\/#website\",\"url\":\"https:\/\/corebe.org.ar\/web2022\/\",\"name\":\"COREBE\",\"description\":\"Comisi\u00f3n Regional del R\u00edo Bermejo\",\"publisher\":{\"@id\":\"https:\/\/corebe.org.ar\/web2022\/#organization\"},\"potentialAction\":[{\"@type\":\"SearchAction\",\"target\":{\"@type\":\"EntryPoint\",\"urlTemplate\":\"https:\/\/corebe.org.ar\/web2022\/?s={search_term_string}\"},\"query-input\":\"required name=search_term_string\"}],\"inLanguage\":\"es\"},{\"@type\":\"Organization\",\"@id\":\"https:\/\/corebe.org.ar\/web2022\/#organization\",\"name\":\"COREBE\",\"url\":\"https:\/\/corebe.org.ar\/web2022\/\",\"sameAs\":[\"https:\/\/twitter.com\/COREBE_Bermejo\"],\"logo\":{\"@type\":\"ImageObject\",\"inLanguage\":\"es\",\"@id\":\"https:\/\/corebe.org.ar\/web2022\/#\/schema\/logo\/image\/\",\"url\":\"https:\/\/corebe.org.ar\/web2022\/wp-content\/uploads\/2022\/03\/corebe-logo-04.png\",\"contentUrl\":\"https:\/\/corebe.org.ar\/web2022\/wp-content\/uploads\/2022\/03\/corebe-logo-04.png\",\"width\":512,\"height\":512,\"caption\":\"COREBE\"},\"image\":{\"@id\":\"https:\/\/corebe.org.ar\/web2022\/#\/schema\/logo\/image\/\"}},{\"@type\":\"Person\",\"@id\":\"https:\/\/corebe.org.ar\/web2022\/#\/schema\/person\/bc52db20ad18a8ada6a778e05fbd3358\",\"name\":\"admin\",\"image\":{\"@type\":\"ImageObject\",\"inLanguage\":\"es\",\"@id\":\"https:\/\/corebe.org.ar\/web2022\/#\/schema\/person\/image\/\",\"url\":\"https:\/\/secure.gravatar.com\/avatar\/0ad1a6b61eaa2827c4f5e4daedf15d362070f9792a62e9a177ac1dfe605477ad?s=96&d=mm&r=g\",\"contentUrl\":\"https:\/\/secure.gravatar.com\/avatar\/0ad1a6b61eaa2827c4f5e4daedf15d362070f9792a62e9a177ac1dfe605477ad?s=96&d=mm&r=g\",\"caption\":\"admin\"},\"url\":\"https:\/\/corebe.org.ar\/web2022\/author\/admin\/\"}]}<\/script>\n<!-- \/ Yoast SEO plugin. -->","yoast_head_json":{"title":"Reuni\u00f3n de COBINABE en Bermejo | COREBE","robots":{"index":"index","follow":"follow","max-snippet":"max-snippet:-1","max-image-preview":"max-image-preview:large","max-video-preview":"max-video-preview:-1"},"canonical":"https:\/\/corebe.org.ar\/web2022\/reunion-de-cobinabe-en-bermejo\/","og_locale":"es_ES","og_type":"article","og_title":"Reuni\u00f3n de COBINABE en Bermejo | COREBE","og_description":"El presidente de COREBE, Edgardo Castellano, particip\u00f3 de la reuni\u00f3n extraordinaria de la COBINABE en la localidad de Bermejo (Bolivia),...","og_url":"https:\/\/corebe.org.ar\/web2022\/reunion-de-cobinabe-en-bermejo\/","og_site_name":"COREBE","article_published_time":"2022-08-22T16:37:25+00:00","article_modified_time":"2022-09-23T13:38:25+00:00","og_image":[{"width":960,"height":540,"url":"https:\/\/corebe.org.ar\/web2022\/wp-content\/uploads\/1.jpg","type":"image\/jpeg"}],"author":"admin","twitter_card":"summary_large_image","twitter_creator":"@COREBE_Bermejo","twitter_site":"@COREBE_Bermejo","twitter_misc":{"Escrito por":"admin"},"schema":{"@context":"https:\/\/schema.org","@graph":[{"@type":"Article","@id":"https:\/\/corebe.org.ar\/web2022\/reunion-de-cobinabe-en-bermejo\/#article","isPartOf":{"@id":"https:\/\/corebe.org.ar\/web2022\/reunion-de-cobinabe-en-bermejo\/"},"author":{"name":"admin","@id":"https:\/\/corebe.org.ar\/web2022\/#\/schema\/person\/bc52db20ad18a8ada6a778e05fbd3358"},"headline":"Reuni\u00f3n de COBINABE en Bermejo","datePublished":"2022-08-22T16:37:25+00:00","dateModified":"2022-09-23T13:38:25+00:00","mainEntityOfPage":{"@id":"https:\/\/corebe.org.ar\/web2022\/reunion-de-cobinabe-en-bermejo\/"},"wordCount":66,"publisher":{"@id":"https:\/\/corebe.org.ar\/web2022\/#organization"},"articleSection":["Noticias"],"inLanguage":"es"},{"@type":"WebPage","@id":"https:\/\/corebe.org.ar\/web2022\/reunion-de-cobinabe-en-bermejo\/","url":"https:\/\/corebe.org.ar\/web2022\/reunion-de-cobinabe-en-bermejo\/","name":"Reuni\u00f3n de COBINABE en Bermejo | COREBE","isPartOf":{"@id":"https:\/\/corebe.org.ar\/web2022\/#website"},"datePublished":"2022-08-22T16:37:25+00:00","dateModified":"2022-09-23T13:38:25+00:00","breadcrumb":{"@id":"https:\/\/corebe.org.ar\/web2022\/reunion-de-cobinabe-en-bermejo\/#breadcrumb"},"inLanguage":"es","potentialAction":[{"@type":"ReadAction","target":["https:\/\/corebe.org.ar\/web2022\/reunion-de-cobinabe-en-bermejo\/"]}]},{"@type":"BreadcrumbList","@id":"https:\/\/corebe.org.ar\/web2022\/reunion-de-cobinabe-en-bermejo\/#breadcrumb","itemListElement":[{"@type":"ListItem","position":1,"name":"Portada","item":"https:\/\/corebe.org.ar\/web2022\/"},{"@type":"ListItem","position":2,"name":"Reuni\u00f3n de COBINABE en Bermejo"}]},{"@type":"WebSite","@id":"https:\/\/corebe.org.ar\/web2022\/#website","url":"https:\/\/corebe.org.ar\/web2022\/","name":"COREBE","description":"Comisi\u00f3n Regional del R\u00edo Bermejo","publisher":{"@id":"https:\/\/corebe.org.ar\/web2022\/#organization"},"potentialAction":[{"@type":"SearchAction","target":{"@type":"EntryPoint","urlTemplate":"https:\/\/corebe.org.ar\/web2022\/?s={search_term_string}"},"query-input":"required name=search_term_string"}],"inLanguage":"es"},{"@type":"Organization","@id":"https:\/\/corebe.org.ar\/web2022\/#organization","name":"COREBE","url":"https:\/\/corebe.org.ar\/web2022\/","sameAs":["https:\/\/twitter.com\/COREBE_Bermejo"],"logo":{"@type":"ImageObject","inLanguage":"es","@id":"https:\/\/corebe.org.ar\/web2022\/#\/schema\/logo\/image\/","url":"https:\/\/corebe.org.ar\/web2022\/wp-content\/uploads\/2022\/03\/corebe-logo-04.png","contentUrl":"https:\/\/corebe.org.ar\/web2022\/wp-content\/uploads\/2022\/03\/corebe-logo-04.png","width":512,"height":512,"caption":"COREBE"},"image":{"@id":"https:\/\/corebe.org.ar\/web2022\/#\/schema\/logo\/image\/"}},{"@type":"Person","@id":"https:\/\/corebe.org.ar\/web2022\/#\/schema\/person\/bc52db20ad18a8ada6a778e05fbd3358","name":"admin","image":{"@type":"ImageObject","inLanguage":"es","@id":"https:\/\/corebe.org.ar\/web2022\/#\/schema\/person\/image\/","url":"https:\/\/secure.gravatar.com\/avatar\/0ad1a6b61eaa2827c4f5e4daedf15d362070f9792a62e9a177ac1dfe605477ad?s=96&d=mm&r=g","contentUrl":"https:\/\/secure.gravatar.com\/avatar\/0ad1a6b61eaa2827c4f5e4daedf15d362070f9792a62e9a177ac1dfe605477ad?s=96&d=mm&r=g","caption":"admin"},"url":"https:\/\/corebe.org.ar\/web2022\/author\/admin\/"}]}},"_links":{"self":[{"href":"https:\/\/corebe.org.ar\/web2022\/wp-json\/wp\/v2\/posts\/25475","targetHints":{"allow":["GET"]}}],"collection":[{"href":"https:\/\/corebe.org.ar\/web2022\/wp-json\/wp\/v2\/posts"}],"about":[{"href":"https:\/\/corebe.org.ar\/web2022\/wp-json\/wp\/v2\/types\/post"}],"author":[{"embeddable":true,"href":"https:\/\/corebe.org.ar\/web2022\/wp-json\/wp\/v2\/users\/3"}],"replies":[{"embeddable":true,"href":"https:\/\/corebe.org.ar\/web2022\/wp-json\/wp\/v2\/comments?post=25475"}],"version-history":[{"count":1,"href":"https:\/\/corebe.org.ar\/web2022\/wp-json\/wp\/v2\/posts\/25475\/revisions"}],"predecessor-version":[{"id":25477,"href":"https:\/\/corebe.org.ar\/web2022\/wp-json\/wp\/v2\/posts\/25475\/revisions\/25477"}],"wp:featuredmedia":[{"embeddable":true,"href":"https:\/\/corebe.org.ar\/web2022\/wp-json\/wp\/v2\/media\/25476"}],"wp:attachment":[{"href":"https:\/\/corebe.org.ar\/web2022\/wp-json\/wp\/v2\/media?parent=25475"}],"wp:term":[{"taxonomy":"category","embeddable":true,"href":"https:\/\/corebe.org.ar\/web2022\/wp-json\/wp\/v2\/categories?post=25475"},{"taxonomy":"post_tag","embeddable":true,"href":"https:\/\/corebe.org.ar\/web2022\/wp-json\/wp\/v2\/tags?post=25475"}],"curies":[{"name":"wp","href":"https:\/\/api.w.org\/{rel}","templated":true}]}}