{"id":25563,"date":"2022-10-14T13:46:25","date_gmt":"2022-10-14T13:46:25","guid":{"rendered":"https:\/\/corebe.org.ar\/web2022\/?p=25563"},"modified":"2022-12-15T12:12:30","modified_gmt":"2022-12-15T12:12:30","slug":"reunion-de-directorio-de-corebe","status":"publish","type":"post","link":"https:\/\/corebe.org.ar\/web2022\/reunion-de-directorio-de-corebe\/","title":{"rendered":"Reuni\u00f3n de Directorio de COREBE"},"content":{"rendered":"<p>[vc_row][vc_column][vc_column_text]Se desarroll\u00f3 una nueva Reuni\u00f3n de Directorio de COREBE, en forma presencial y virtual, donde se repasaron las gestiones realizadas por la Presidencia, la gesti\u00f3n administrativa del organismo, las obras y proyectos llevados a cabo y en ejecuci\u00f3n.<\/p>\n<p>Participaron el primer delegado argentino ante la COBINABE, Santiago Godoy; el presidente de COREBE, Edgardo Castellano; el representante alterno por Santiago del Estero, Oscar Barron; y el alterno de Chaco, Gustavo D\u00b4Alessandro.<\/p>\n<p>Tambi\u00e9n la representante de Jujuy, Susana Chalabe; el titular de Salta, Julio Romero Leal; el titular de Formosa, Horacio Zamb\u00f3n; y el coordinador t\u00e9cnico de COREBE, Marcelo Borsellino.<\/p>\n<p>Durante el encuentro se agradeci\u00f3 y reconoci\u00f3 a Domingo Sosa por su labor en la obra de Manantiales y sus m\u00e1s de 25 a\u00f1os de profesi\u00f3n.<\/p>\n<p>En el marco del repaso de gestiones realizadas por la Presidencia, se destac\u00f3 el financiamiento conseguido para la 2da etapa del Programa de Desarrollo de la Cuenca del R\u00edo Bermejo ante FONPLATA.<\/p>\n<p>Adem\u00e1s, se analizaron el estado de la gesti\u00f3n binacional del PEA II: \u201cProyecto gesti\u00f3n integrada de los recursos h\u00eddricos en la cuenca trasfronteriza del R\u00edo Bermejo\u201d, y las gestiones ante el Programa de desarrollo de las provincias del Norte Grande para el financiamiento por parte del BID. En este caso se realizar\u00e1 la Actualizaci\u00f3n de diagn\u00f3stico y plan de inversi\u00f3n para la cuenca del R\u00edo.<\/p>\n<p>Dentro del an\u00e1lisis de la gesti\u00f3n administrativa del organismo, se acentu\u00f3 que ser\u00e1 la primera vez que COREBE participa en proyectos y ejecuci\u00f3n de obras, entre las que se encuentran la Defensa y protecci\u00f3n contra inundaciones en la Quebrada de la Cancha, la de la cuenca del R\u00edo Purmamarca, de la cuenca del R\u00edo Huasamayo y la de Estabilizaci\u00f3n de torrentes y control de c\u00e1rcavas en Urundel.<\/p>\n<p>En el marco de la revisi\u00f3n de la gesti\u00f3n de proyectos, se enfatiz\u00f3 el Estudio y proyecto licitatorio de la obra de defensa del R\u00edo Bermejo tramo Puente Lavalle, la Readecuaci\u00f3n de las defensas fluviales en la localidad de El Colorado, los Estudios hidrol\u00f3gicos, hidr\u00e1ulicos, fluvio-morfol\u00f3gicos y proyecto licitatorio para obras de defensa en el puente Gral Lavalle, los Estudios hidrol\u00f3gicos, hidr\u00e1ulicos y dise\u00f1o de obras de defensa en la RP 9, y los Estudios hidrol\u00f3gicos, hidr\u00e1ulicos, fluvio-morfol\u00f3gicos y dise\u00f1o de obras de correcci\u00f3n y\/o encauzamiento del R\u00edo San Antonio.[\/vc_column_text][vc_gallery type=\u00bbimage_grid\u00bb images=\u00bb25564,25565,25566,25567&#8243; img_size=\u00bbmedium\u00bb][\/vc_column][\/vc_row]<\/p>\n","protected":false},"excerpt":{"rendered":"<p>[vc_row][vc_column][vc_column_text]Se desarroll\u00f3 una nueva Reuni\u00f3n de Directorio de COREBE, en forma presencial y virtual, donde se repasaron las gestiones realizadas&#8230;<\/p>\n","protected":false},"author":3,"featured_media":25564,"comment_status":"closed","ping_status":"closed","sticky":false,"template":"","format":"standard","meta":{"footnotes":""},"categories":[43],"tags":[],"class_list":{"0":"post-25563","1":"post","2":"type-post","3":"status-publish","4":"format-standard","5":"has-post-thumbnail","7":"category-noticias"},"yoast_head":"<!-- This site is optimized with the Yoast SEO plugin v19.6 - https:\/\/yoast.com\/wordpress\/plugins\/seo\/ -->\n<title>Reuni\u00f3n de Directorio de COREBE | COREBE<\/title>\n<meta name=\"robots\" content=\"index, follow, max-snippet:-1, max-image-preview:large, max-video-preview:-1\" \/>\n<link rel=\"canonical\" href=\"https:\/\/corebe.org.ar\/web2022\/reunion-de-directorio-de-corebe\/\" \/>\n<meta property=\"og:locale\" content=\"es_ES\" \/>\n<meta property=\"og:type\" content=\"article\" \/>\n<meta property=\"og:title\" content=\"Reuni\u00f3n de Directorio de COREBE | COREBE\" \/>\n<meta property=\"og:description\" content=\"[vc_row][vc_column][vc_column_text]Se desarroll\u00f3 una nueva Reuni\u00f3n de Directorio de COREBE, en forma presencial y virtual, donde se repasaron las gestiones realizadas...\" \/>\n<meta property=\"og:url\" content=\"https:\/\/corebe.org.ar\/web2022\/reunion-de-directorio-de-corebe\/\" \/>\n<meta property=\"og:site_name\" content=\"COREBE\" \/>\n<meta property=\"article:published_time\" content=\"2022-10-14T13:46:25+00:00\" \/>\n<meta property=\"article:modified_time\" content=\"2022-12-15T12:12:30+00:00\" \/>\n<meta property=\"og:image\" content=\"https:\/\/corebe.org.ar\/web2022\/wp-content\/uploads\/1.jpeg\" \/>\n\t<meta property=\"og:image:width\" content=\"1600\" \/>\n\t<meta property=\"og:image:height\" content=\"777\" \/>\n\t<meta property=\"og:image:type\" content=\"image\/jpeg\" \/>\n<meta name=\"author\" content=\"admin\" \/>\n<meta name=\"twitter:card\" content=\"summary_large_image\" \/>\n<meta name=\"twitter:creator\" content=\"@COREBE_Bermejo\" \/>\n<meta name=\"twitter:site\" content=\"@COREBE_Bermejo\" \/>\n<meta name=\"twitter:label1\" content=\"Escrito por\" \/>\n\t<meta name=\"twitter:data1\" content=\"admin\" \/>\n\t<meta name=\"twitter:label2\" content=\"Tiempo de lectura\" \/>\n\t<meta name=\"twitter:data2\" content=\"2 minutos\" \/>\n<script type=\"application\/ld+json\" class=\"yoast-schema-graph\">{\"@context\":\"https:\/\/schema.org\",\"@graph\":[{\"@type\":\"Article\",\"@id\":\"https:\/\/corebe.org.ar\/web2022\/reunion-de-directorio-de-corebe\/#article\",\"isPartOf\":{\"@id\":\"https:\/\/corebe.org.ar\/web2022\/reunion-de-directorio-de-corebe\/\"},\"author\":{\"name\":\"admin\",\"@id\":\"https:\/\/corebe.org.ar\/web2022\/#\/schema\/person\/bc52db20ad18a8ada6a778e05fbd3358\"},\"headline\":\"Reuni\u00f3n de Directorio de COREBE\",\"datePublished\":\"2022-10-14T13:46:25+00:00\",\"dateModified\":\"2022-12-15T12:12:30+00:00\",\"mainEntityOfPage\":{\"@id\":\"https:\/\/corebe.org.ar\/web2022\/reunion-de-directorio-de-corebe\/\"},\"wordCount\":450,\"publisher\":{\"@id\":\"https:\/\/corebe.org.ar\/web2022\/#organization\"},\"articleSection\":[\"Noticias\"],\"inLanguage\":\"es\"},{\"@type\":\"WebPage\",\"@id\":\"https:\/\/corebe.org.ar\/web2022\/reunion-de-directorio-de-corebe\/\",\"url\":\"https:\/\/corebe.org.ar\/web2022\/reunion-de-directorio-de-corebe\/\",\"name\":\"Reuni\u00f3n de Directorio de COREBE | COREBE\",\"isPartOf\":{\"@id\":\"https:\/\/corebe.org.ar\/web2022\/#website\"},\"datePublished\":\"2022-10-14T13:46:25+00:00\",\"dateModified\":\"2022-12-15T12:12:30+00:00\",\"breadcrumb\":{\"@id\":\"https:\/\/corebe.org.ar\/web2022\/reunion-de-directorio-de-corebe\/#breadcrumb\"},\"inLanguage\":\"es\",\"potentialAction\":[{\"@type\":\"ReadAction\",\"target\":[\"https:\/\/corebe.org.ar\/web2022\/reunion-de-directorio-de-corebe\/\"]}]},{\"@type\":\"BreadcrumbList\",\"@id\":\"https:\/\/corebe.org.ar\/web2022\/reunion-de-directorio-de-corebe\/#breadcrumb\",\"itemListElement\":[{\"@type\":\"ListItem\",\"position\":1,\"name\":\"Portada\",\"item\":\"https:\/\/corebe.org.ar\/web2022\/\"},{\"@type\":\"ListItem\",\"position\":2,\"name\":\"Reuni\u00f3n de Directorio de COREBE\"}]},{\"@type\":\"WebSite\",\"@id\":\"https:\/\/corebe.org.ar\/web2022\/#website\",\"url\":\"https:\/\/corebe.org.ar\/web2022\/\",\"name\":\"COREBE\",\"description\":\"Comisi\u00f3n Regional del R\u00edo Bermejo\",\"publisher\":{\"@id\":\"https:\/\/corebe.org.ar\/web2022\/#organization\"},\"potentialAction\":[{\"@type\":\"SearchAction\",\"target\":{\"@type\":\"EntryPoint\",\"urlTemplate\":\"https:\/\/corebe.org.ar\/web2022\/?s={search_term_string}\"},\"query-input\":\"required name=search_term_string\"}],\"inLanguage\":\"es\"},{\"@type\":\"Organization\",\"@id\":\"https:\/\/corebe.org.ar\/web2022\/#organization\",\"name\":\"COREBE\",\"url\":\"https:\/\/corebe.org.ar\/web2022\/\",\"sameAs\":[\"https:\/\/twitter.com\/COREBE_Bermejo\"],\"logo\":{\"@type\":\"ImageObject\",\"inLanguage\":\"es\",\"@id\":\"https:\/\/corebe.org.ar\/web2022\/#\/schema\/logo\/image\/\",\"url\":\"https:\/\/corebe.org.ar\/web2022\/wp-content\/uploads\/2022\/03\/corebe-logo-04.png\",\"contentUrl\":\"https:\/\/corebe.org.ar\/web2022\/wp-content\/uploads\/2022\/03\/corebe-logo-04.png\",\"width\":512,\"height\":512,\"caption\":\"COREBE\"},\"image\":{\"@id\":\"https:\/\/corebe.org.ar\/web2022\/#\/schema\/logo\/image\/\"}},{\"@type\":\"Person\",\"@id\":\"https:\/\/corebe.org.ar\/web2022\/#\/schema\/person\/bc52db20ad18a8ada6a778e05fbd3358\",\"name\":\"admin\",\"image\":{\"@type\":\"ImageObject\",\"inLanguage\":\"es\",\"@id\":\"https:\/\/corebe.org.ar\/web2022\/#\/schema\/person\/image\/\",\"url\":\"https:\/\/secure.gravatar.com\/avatar\/0ad1a6b61eaa2827c4f5e4daedf15d362070f9792a62e9a177ac1dfe605477ad?s=96&d=mm&r=g\",\"contentUrl\":\"https:\/\/secure.gravatar.com\/avatar\/0ad1a6b61eaa2827c4f5e4daedf15d362070f9792a62e9a177ac1dfe605477ad?s=96&d=mm&r=g\",\"caption\":\"admin\"},\"url\":\"https:\/\/corebe.org.ar\/web2022\/author\/admin\/\"}]}<\/script>\n<!-- \/ Yoast SEO plugin. -->","yoast_head_json":{"title":"Reuni\u00f3n de Directorio de COREBE | COREBE","robots":{"index":"index","follow":"follow","max-snippet":"max-snippet:-1","max-image-preview":"max-image-preview:large","max-video-preview":"max-video-preview:-1"},"canonical":"https:\/\/corebe.org.ar\/web2022\/reunion-de-directorio-de-corebe\/","og_locale":"es_ES","og_type":"article","og_title":"Reuni\u00f3n de Directorio de COREBE | COREBE","og_description":"[vc_row][vc_column][vc_column_text]Se desarroll\u00f3 una nueva Reuni\u00f3n de Directorio de COREBE, en forma presencial y virtual, donde se repasaron las gestiones realizadas...","og_url":"https:\/\/corebe.org.ar\/web2022\/reunion-de-directorio-de-corebe\/","og_site_name":"COREBE","article_published_time":"2022-10-14T13:46:25+00:00","article_modified_time":"2022-12-15T12:12:30+00:00","og_image":[{"width":1600,"height":777,"url":"https:\/\/corebe.org.ar\/web2022\/wp-content\/uploads\/1.jpeg","type":"image\/jpeg"}],"author":"admin","twitter_card":"summary_large_image","twitter_creator":"@COREBE_Bermejo","twitter_site":"@COREBE_Bermejo","twitter_misc":{"Escrito por":"admin","Tiempo de lectura":"2 minutos"},"schema":{"@context":"https:\/\/schema.org","@graph":[{"@type":"Article","@id":"https:\/\/corebe.org.ar\/web2022\/reunion-de-directorio-de-corebe\/#article","isPartOf":{"@id":"https:\/\/corebe.org.ar\/web2022\/reunion-de-directorio-de-corebe\/"},"author":{"name":"admin","@id":"https:\/\/corebe.org.ar\/web2022\/#\/schema\/person\/bc52db20ad18a8ada6a778e05fbd3358"},"headline":"Reuni\u00f3n de Directorio de COREBE","datePublished":"2022-10-14T13:46:25+00:00","dateModified":"2022-12-15T12:12:30+00:00","mainEntityOfPage":{"@id":"https:\/\/corebe.org.ar\/web2022\/reunion-de-directorio-de-corebe\/"},"wordCount":450,"publisher":{"@id":"https:\/\/corebe.org.ar\/web2022\/#organization"},"articleSection":["Noticias"],"inLanguage":"es"},{"@type":"WebPage","@id":"https:\/\/corebe.org.ar\/web2022\/reunion-de-directorio-de-corebe\/","url":"https:\/\/corebe.org.ar\/web2022\/reunion-de-directorio-de-corebe\/","name":"Reuni\u00f3n de Directorio de COREBE | COREBE","isPartOf":{"@id":"https:\/\/corebe.org.ar\/web2022\/#website"},"datePublished":"2022-10-14T13:46:25+00:00","dateModified":"2022-12-15T12:12:30+00:00","breadcrumb":{"@id":"https:\/\/corebe.org.ar\/web2022\/reunion-de-directorio-de-corebe\/#breadcrumb"},"inLanguage":"es","potentialAction":[{"@type":"ReadAction","target":["https:\/\/corebe.org.ar\/web2022\/reunion-de-directorio-de-corebe\/"]}]},{"@type":"BreadcrumbList","@id":"https:\/\/corebe.org.ar\/web2022\/reunion-de-directorio-de-corebe\/#breadcrumb","itemListElement":[{"@type":"ListItem","position":1,"name":"Portada","item":"https:\/\/corebe.org.ar\/web2022\/"},{"@type":"ListItem","position":2,"name":"Reuni\u00f3n de Directorio de COREBE"}]},{"@type":"WebSite","@id":"https:\/\/corebe.org.ar\/web2022\/#website","url":"https:\/\/corebe.org.ar\/web2022\/","name":"COREBE","description":"Comisi\u00f3n Regional del R\u00edo Bermejo","publisher":{"@id":"https:\/\/corebe.org.ar\/web2022\/#organization"},"potentialAction":[{"@type":"SearchAction","target":{"@type":"EntryPoint","urlTemplate":"https:\/\/corebe.org.ar\/web2022\/?s={search_term_string}"},"query-input":"required name=search_term_string"}],"inLanguage":"es"},{"@type":"Organization","@id":"https:\/\/corebe.org.ar\/web2022\/#organization","name":"COREBE","url":"https:\/\/corebe.org.ar\/web2022\/","sameAs":["https:\/\/twitter.com\/COREBE_Bermejo"],"logo":{"@type":"ImageObject","inLanguage":"es","@id":"https:\/\/corebe.org.ar\/web2022\/#\/schema\/logo\/image\/","url":"https:\/\/corebe.org.ar\/web2022\/wp-content\/uploads\/2022\/03\/corebe-logo-04.png","contentUrl":"https:\/\/corebe.org.ar\/web2022\/wp-content\/uploads\/2022\/03\/corebe-logo-04.png","width":512,"height":512,"caption":"COREBE"},"image":{"@id":"https:\/\/corebe.org.ar\/web2022\/#\/schema\/logo\/image\/"}},{"@type":"Person","@id":"https:\/\/corebe.org.ar\/web2022\/#\/schema\/person\/bc52db20ad18a8ada6a778e05fbd3358","name":"admin","image":{"@type":"ImageObject","inLanguage":"es","@id":"https:\/\/corebe.org.ar\/web2022\/#\/schema\/person\/image\/","url":"https:\/\/secure.gravatar.com\/avatar\/0ad1a6b61eaa2827c4f5e4daedf15d362070f9792a62e9a177ac1dfe605477ad?s=96&d=mm&r=g","contentUrl":"https:\/\/secure.gravatar.com\/avatar\/0ad1a6b61eaa2827c4f5e4daedf15d362070f9792a62e9a177ac1dfe605477ad?s=96&d=mm&r=g","caption":"admin"},"url":"https:\/\/corebe.org.ar\/web2022\/author\/admin\/"}]}},"_links":{"self":[{"href":"https:\/\/corebe.org.ar\/web2022\/wp-json\/wp\/v2\/posts\/25563","targetHints":{"allow":["GET"]}}],"collection":[{"href":"https:\/\/corebe.org.ar\/web2022\/wp-json\/wp\/v2\/posts"}],"about":[{"href":"https:\/\/corebe.org.ar\/web2022\/wp-json\/wp\/v2\/types\/post"}],"author":[{"embeddable":true,"href":"https:\/\/corebe.org.ar\/web2022\/wp-json\/wp\/v2\/users\/3"}],"replies":[{"embeddable":true,"href":"https:\/\/corebe.org.ar\/web2022\/wp-json\/wp\/v2\/comments?post=25563"}],"version-history":[{"count":2,"href":"https:\/\/corebe.org.ar\/web2022\/wp-json\/wp\/v2\/posts\/25563\/revisions"}],"predecessor-version":[{"id":25569,"href":"https:\/\/corebe.org.ar\/web2022\/wp-json\/wp\/v2\/posts\/25563\/revisions\/25569"}],"wp:featuredmedia":[{"embeddable":true,"href":"https:\/\/corebe.org.ar\/web2022\/wp-json\/wp\/v2\/media\/25564"}],"wp:attachment":[{"href":"https:\/\/corebe.org.ar\/web2022\/wp-json\/wp\/v2\/media?parent=25563"}],"wp:term":[{"taxonomy":"category","embeddable":true,"href":"https:\/\/corebe.org.ar\/web2022\/wp-json\/wp\/v2\/categories?post=25563"},{"taxonomy":"post_tag","embeddable":true,"href":"https:\/\/corebe.org.ar\/web2022\/wp-json\/wp\/v2\/tags?post=25563"}],"curies":[{"name":"wp","href":"https:\/\/api.w.org\/{rel}","templated":true}]}}