{"id":25577,"date":"2022-11-15T13:47:53","date_gmt":"2022-11-15T13:47:53","guid":{"rendered":"https:\/\/corebe.org.ar\/web2022\/?p=25577"},"modified":"2022-12-15T12:12:39","modified_gmt":"2022-12-15T12:12:39","slug":"mision-de-analisis-con-fonplata","status":"publish","type":"post","link":"https:\/\/corebe.org.ar\/web2022\/mision-de-analisis-con-fonplata\/","title":{"rendered":"Misi\u00f3n de an\u00e1lisis con FONPLATA"},"content":{"rendered":"<p>[vc_row][vc_column][vc_column_text]El presidente de COREBE, Edgardo Castellano, particip\u00f3 de reuniones con autoridades de FONPLATA, Banco de Desarrollo, en el marco de la misi\u00f3n de an\u00e1lisis que se llev\u00f3 a cabo en la ciudad de Salta, donde se avanz\u00f3 con la preparaci\u00f3n de una nueva operaci\u00f3n de cr\u00e9dito del \u201cPrograma de Desarrollo de la Cuenca del R\u00edo Bermejo \u2013 2\u00b0 etapa\u201d.<\/p>\n<p>Tambi\u00e9n estuvieron presente el gobernador de Salta, Gustavo S\u00e1enz; y el ministro de Infraestructura de Salta, Sergio Camacho.<\/p>\n<p>Durante la misi\u00f3n se analizaron conjuntamente los aspectos t\u00e9cnicos y socio-ambientales y documentos requeridos, se realiz\u00f3 un reconocimiento de campo, se identificaron los actores y beneficiarios y se acordaron las acciones subsiguientes de preparaci\u00f3n de la operaci\u00f3n.<\/p>\n<p>Tambi\u00e9n participaron funcionarios y representantes de la Direcci\u00f3n Nacional de Financiamiento con Organismos Regionales de Cr\u00e9dito del Ministerio de Econom\u00eda, de la Direcci\u00f3n General de Programas y Proyectos Sectoriales y Especiales, dependiente de la Secretar\u00eda de Gesti\u00f3n Administrativa (DiGePPSE) y del Ministerio de Obras P\u00fablicas (MOP).[\/vc_column_text][vc_gallery type=\u00bbimage_grid\u00bb images=\u00bb25578,25579,25580&#8243; img_size=\u00bbmedium\u00bb][\/vc_column][\/vc_row]<\/p>\n","protected":false},"excerpt":{"rendered":"<p>[vc_row][vc_column][vc_column_text]El presidente de COREBE, Edgardo Castellano, particip\u00f3 de reuniones con autoridades de FONPLATA, Banco de Desarrollo, en el marco de&#8230;<\/p>\n","protected":false},"author":3,"featured_media":25580,"comment_status":"closed","ping_status":"closed","sticky":false,"template":"","format":"standard","meta":{"footnotes":""},"categories":[43],"tags":[],"class_list":{"0":"post-25577","1":"post","2":"type-post","3":"status-publish","4":"format-standard","5":"has-post-thumbnail","7":"category-noticias"},"yoast_head":"<!-- This site is optimized with the Yoast SEO plugin v19.6 - https:\/\/yoast.com\/wordpress\/plugins\/seo\/ -->\n<title>Misi\u00f3n de an\u00e1lisis con FONPLATA | COREBE<\/title>\n<meta name=\"robots\" content=\"index, follow, max-snippet:-1, max-image-preview:large, max-video-preview:-1\" \/>\n<link rel=\"canonical\" href=\"https:\/\/corebe.org.ar\/web2022\/mision-de-analisis-con-fonplata\/\" \/>\n<meta property=\"og:locale\" content=\"es_ES\" \/>\n<meta property=\"og:type\" content=\"article\" \/>\n<meta property=\"og:title\" content=\"Misi\u00f3n de an\u00e1lisis con FONPLATA | COREBE\" \/>\n<meta property=\"og:description\" content=\"[vc_row][vc_column][vc_column_text]El presidente de COREBE, Edgardo Castellano, particip\u00f3 de reuniones con autoridades de FONPLATA, Banco de Desarrollo, en el marco de...\" \/>\n<meta property=\"og:url\" content=\"https:\/\/corebe.org.ar\/web2022\/mision-de-analisis-con-fonplata\/\" \/>\n<meta property=\"og:site_name\" content=\"COREBE\" \/>\n<meta property=\"article:published_time\" content=\"2022-11-15T13:47:53+00:00\" \/>\n<meta property=\"article:modified_time\" content=\"2022-12-15T12:12:39+00:00\" \/>\n<meta property=\"og:image\" content=\"https:\/\/corebe.org.ar\/web2022\/wp-content\/uploads\/fonplata-1.jpeg\" \/>\n\t<meta property=\"og:image:width\" content=\"1024\" \/>\n\t<meta property=\"og:image:height\" content=\"683\" \/>\n\t<meta property=\"og:image:type\" content=\"image\/jpeg\" \/>\n<meta name=\"author\" content=\"admin\" \/>\n<meta name=\"twitter:card\" content=\"summary_large_image\" \/>\n<meta name=\"twitter:creator\" content=\"@COREBE_Bermejo\" \/>\n<meta name=\"twitter:site\" content=\"@COREBE_Bermejo\" \/>\n<meta name=\"twitter:label1\" content=\"Escrito por\" \/>\n\t<meta name=\"twitter:data1\" content=\"admin\" \/>\n\t<meta name=\"twitter:label2\" content=\"Tiempo de lectura\" \/>\n\t<meta name=\"twitter:data2\" content=\"1 minuto\" \/>\n<script type=\"application\/ld+json\" class=\"yoast-schema-graph\">{\"@context\":\"https:\/\/schema.org\",\"@graph\":[{\"@type\":\"Article\",\"@id\":\"https:\/\/corebe.org.ar\/web2022\/mision-de-analisis-con-fonplata\/#article\",\"isPartOf\":{\"@id\":\"https:\/\/corebe.org.ar\/web2022\/mision-de-analisis-con-fonplata\/\"},\"author\":{\"name\":\"admin\",\"@id\":\"https:\/\/corebe.org.ar\/web2022\/#\/schema\/person\/bc52db20ad18a8ada6a778e05fbd3358\"},\"headline\":\"Misi\u00f3n de an\u00e1lisis con FONPLATA\",\"datePublished\":\"2022-11-15T13:47:53+00:00\",\"dateModified\":\"2022-12-15T12:12:39+00:00\",\"mainEntityOfPage\":{\"@id\":\"https:\/\/corebe.org.ar\/web2022\/mision-de-analisis-con-fonplata\/\"},\"wordCount\":208,\"publisher\":{\"@id\":\"https:\/\/corebe.org.ar\/web2022\/#organization\"},\"articleSection\":[\"Noticias\"],\"inLanguage\":\"es\"},{\"@type\":\"WebPage\",\"@id\":\"https:\/\/corebe.org.ar\/web2022\/mision-de-analisis-con-fonplata\/\",\"url\":\"https:\/\/corebe.org.ar\/web2022\/mision-de-analisis-con-fonplata\/\",\"name\":\"Misi\u00f3n de an\u00e1lisis con FONPLATA | COREBE\",\"isPartOf\":{\"@id\":\"https:\/\/corebe.org.ar\/web2022\/#website\"},\"datePublished\":\"2022-11-15T13:47:53+00:00\",\"dateModified\":\"2022-12-15T12:12:39+00:00\",\"breadcrumb\":{\"@id\":\"https:\/\/corebe.org.ar\/web2022\/mision-de-analisis-con-fonplata\/#breadcrumb\"},\"inLanguage\":\"es\",\"potentialAction\":[{\"@type\":\"ReadAction\",\"target\":[\"https:\/\/corebe.org.ar\/web2022\/mision-de-analisis-con-fonplata\/\"]}]},{\"@type\":\"BreadcrumbList\",\"@id\":\"https:\/\/corebe.org.ar\/web2022\/mision-de-analisis-con-fonplata\/#breadcrumb\",\"itemListElement\":[{\"@type\":\"ListItem\",\"position\":1,\"name\":\"Portada\",\"item\":\"https:\/\/corebe.org.ar\/web2022\/\"},{\"@type\":\"ListItem\",\"position\":2,\"name\":\"Misi\u00f3n de an\u00e1lisis con FONPLATA\"}]},{\"@type\":\"WebSite\",\"@id\":\"https:\/\/corebe.org.ar\/web2022\/#website\",\"url\":\"https:\/\/corebe.org.ar\/web2022\/\",\"name\":\"COREBE\",\"description\":\"Comisi\u00f3n Regional del R\u00edo Bermejo\",\"publisher\":{\"@id\":\"https:\/\/corebe.org.ar\/web2022\/#organization\"},\"potentialAction\":[{\"@type\":\"SearchAction\",\"target\":{\"@type\":\"EntryPoint\",\"urlTemplate\":\"https:\/\/corebe.org.ar\/web2022\/?s={search_term_string}\"},\"query-input\":\"required name=search_term_string\"}],\"inLanguage\":\"es\"},{\"@type\":\"Organization\",\"@id\":\"https:\/\/corebe.org.ar\/web2022\/#organization\",\"name\":\"COREBE\",\"url\":\"https:\/\/corebe.org.ar\/web2022\/\",\"sameAs\":[\"https:\/\/twitter.com\/COREBE_Bermejo\"],\"logo\":{\"@type\":\"ImageObject\",\"inLanguage\":\"es\",\"@id\":\"https:\/\/corebe.org.ar\/web2022\/#\/schema\/logo\/image\/\",\"url\":\"https:\/\/corebe.org.ar\/web2022\/wp-content\/uploads\/2022\/03\/corebe-logo-04.png\",\"contentUrl\":\"https:\/\/corebe.org.ar\/web2022\/wp-content\/uploads\/2022\/03\/corebe-logo-04.png\",\"width\":512,\"height\":512,\"caption\":\"COREBE\"},\"image\":{\"@id\":\"https:\/\/corebe.org.ar\/web2022\/#\/schema\/logo\/image\/\"}},{\"@type\":\"Person\",\"@id\":\"https:\/\/corebe.org.ar\/web2022\/#\/schema\/person\/bc52db20ad18a8ada6a778e05fbd3358\",\"name\":\"admin\",\"image\":{\"@type\":\"ImageObject\",\"inLanguage\":\"es\",\"@id\":\"https:\/\/corebe.org.ar\/web2022\/#\/schema\/person\/image\/\",\"url\":\"https:\/\/secure.gravatar.com\/avatar\/0ad1a6b61eaa2827c4f5e4daedf15d362070f9792a62e9a177ac1dfe605477ad?s=96&d=mm&r=g\",\"contentUrl\":\"https:\/\/secure.gravatar.com\/avatar\/0ad1a6b61eaa2827c4f5e4daedf15d362070f9792a62e9a177ac1dfe605477ad?s=96&d=mm&r=g\",\"caption\":\"admin\"},\"url\":\"https:\/\/corebe.org.ar\/web2022\/author\/admin\/\"}]}<\/script>\n<!-- \/ Yoast SEO plugin. -->","yoast_head_json":{"title":"Misi\u00f3n de an\u00e1lisis con FONPLATA | COREBE","robots":{"index":"index","follow":"follow","max-snippet":"max-snippet:-1","max-image-preview":"max-image-preview:large","max-video-preview":"max-video-preview:-1"},"canonical":"https:\/\/corebe.org.ar\/web2022\/mision-de-analisis-con-fonplata\/","og_locale":"es_ES","og_type":"article","og_title":"Misi\u00f3n de an\u00e1lisis con FONPLATA | COREBE","og_description":"[vc_row][vc_column][vc_column_text]El presidente de COREBE, Edgardo Castellano, particip\u00f3 de reuniones con autoridades de FONPLATA, Banco de Desarrollo, en el marco de...","og_url":"https:\/\/corebe.org.ar\/web2022\/mision-de-analisis-con-fonplata\/","og_site_name":"COREBE","article_published_time":"2022-11-15T13:47:53+00:00","article_modified_time":"2022-12-15T12:12:39+00:00","og_image":[{"width":1024,"height":683,"url":"https:\/\/corebe.org.ar\/web2022\/wp-content\/uploads\/fonplata-1.jpeg","type":"image\/jpeg"}],"author":"admin","twitter_card":"summary_large_image","twitter_creator":"@COREBE_Bermejo","twitter_site":"@COREBE_Bermejo","twitter_misc":{"Escrito por":"admin","Tiempo de lectura":"1 minuto"},"schema":{"@context":"https:\/\/schema.org","@graph":[{"@type":"Article","@id":"https:\/\/corebe.org.ar\/web2022\/mision-de-analisis-con-fonplata\/#article","isPartOf":{"@id":"https:\/\/corebe.org.ar\/web2022\/mision-de-analisis-con-fonplata\/"},"author":{"name":"admin","@id":"https:\/\/corebe.org.ar\/web2022\/#\/schema\/person\/bc52db20ad18a8ada6a778e05fbd3358"},"headline":"Misi\u00f3n de an\u00e1lisis con FONPLATA","datePublished":"2022-11-15T13:47:53+00:00","dateModified":"2022-12-15T12:12:39+00:00","mainEntityOfPage":{"@id":"https:\/\/corebe.org.ar\/web2022\/mision-de-analisis-con-fonplata\/"},"wordCount":208,"publisher":{"@id":"https:\/\/corebe.org.ar\/web2022\/#organization"},"articleSection":["Noticias"],"inLanguage":"es"},{"@type":"WebPage","@id":"https:\/\/corebe.org.ar\/web2022\/mision-de-analisis-con-fonplata\/","url":"https:\/\/corebe.org.ar\/web2022\/mision-de-analisis-con-fonplata\/","name":"Misi\u00f3n de an\u00e1lisis con FONPLATA | COREBE","isPartOf":{"@id":"https:\/\/corebe.org.ar\/web2022\/#website"},"datePublished":"2022-11-15T13:47:53+00:00","dateModified":"2022-12-15T12:12:39+00:00","breadcrumb":{"@id":"https:\/\/corebe.org.ar\/web2022\/mision-de-analisis-con-fonplata\/#breadcrumb"},"inLanguage":"es","potentialAction":[{"@type":"ReadAction","target":["https:\/\/corebe.org.ar\/web2022\/mision-de-analisis-con-fonplata\/"]}]},{"@type":"BreadcrumbList","@id":"https:\/\/corebe.org.ar\/web2022\/mision-de-analisis-con-fonplata\/#breadcrumb","itemListElement":[{"@type":"ListItem","position":1,"name":"Portada","item":"https:\/\/corebe.org.ar\/web2022\/"},{"@type":"ListItem","position":2,"name":"Misi\u00f3n de an\u00e1lisis con FONPLATA"}]},{"@type":"WebSite","@id":"https:\/\/corebe.org.ar\/web2022\/#website","url":"https:\/\/corebe.org.ar\/web2022\/","name":"COREBE","description":"Comisi\u00f3n Regional del R\u00edo Bermejo","publisher":{"@id":"https:\/\/corebe.org.ar\/web2022\/#organization"},"potentialAction":[{"@type":"SearchAction","target":{"@type":"EntryPoint","urlTemplate":"https:\/\/corebe.org.ar\/web2022\/?s={search_term_string}"},"query-input":"required name=search_term_string"}],"inLanguage":"es"},{"@type":"Organization","@id":"https:\/\/corebe.org.ar\/web2022\/#organization","name":"COREBE","url":"https:\/\/corebe.org.ar\/web2022\/","sameAs":["https:\/\/twitter.com\/COREBE_Bermejo"],"logo":{"@type":"ImageObject","inLanguage":"es","@id":"https:\/\/corebe.org.ar\/web2022\/#\/schema\/logo\/image\/","url":"https:\/\/corebe.org.ar\/web2022\/wp-content\/uploads\/2022\/03\/corebe-logo-04.png","contentUrl":"https:\/\/corebe.org.ar\/web2022\/wp-content\/uploads\/2022\/03\/corebe-logo-04.png","width":512,"height":512,"caption":"COREBE"},"image":{"@id":"https:\/\/corebe.org.ar\/web2022\/#\/schema\/logo\/image\/"}},{"@type":"Person","@id":"https:\/\/corebe.org.ar\/web2022\/#\/schema\/person\/bc52db20ad18a8ada6a778e05fbd3358","name":"admin","image":{"@type":"ImageObject","inLanguage":"es","@id":"https:\/\/corebe.org.ar\/web2022\/#\/schema\/person\/image\/","url":"https:\/\/secure.gravatar.com\/avatar\/0ad1a6b61eaa2827c4f5e4daedf15d362070f9792a62e9a177ac1dfe605477ad?s=96&d=mm&r=g","contentUrl":"https:\/\/secure.gravatar.com\/avatar\/0ad1a6b61eaa2827c4f5e4daedf15d362070f9792a62e9a177ac1dfe605477ad?s=96&d=mm&r=g","caption":"admin"},"url":"https:\/\/corebe.org.ar\/web2022\/author\/admin\/"}]}},"_links":{"self":[{"href":"https:\/\/corebe.org.ar\/web2022\/wp-json\/wp\/v2\/posts\/25577","targetHints":{"allow":["GET"]}}],"collection":[{"href":"https:\/\/corebe.org.ar\/web2022\/wp-json\/wp\/v2\/posts"}],"about":[{"href":"https:\/\/corebe.org.ar\/web2022\/wp-json\/wp\/v2\/types\/post"}],"author":[{"embeddable":true,"href":"https:\/\/corebe.org.ar\/web2022\/wp-json\/wp\/v2\/users\/3"}],"replies":[{"embeddable":true,"href":"https:\/\/corebe.org.ar\/web2022\/wp-json\/wp\/v2\/comments?post=25577"}],"version-history":[{"count":2,"href":"https:\/\/corebe.org.ar\/web2022\/wp-json\/wp\/v2\/posts\/25577\/revisions"}],"predecessor-version":[{"id":25588,"href":"https:\/\/corebe.org.ar\/web2022\/wp-json\/wp\/v2\/posts\/25577\/revisions\/25588"}],"wp:featuredmedia":[{"embeddable":true,"href":"https:\/\/corebe.org.ar\/web2022\/wp-json\/wp\/v2\/media\/25580"}],"wp:attachment":[{"href":"https:\/\/corebe.org.ar\/web2022\/wp-json\/wp\/v2\/media?parent=25577"}],"wp:term":[{"taxonomy":"category","embeddable":true,"href":"https:\/\/corebe.org.ar\/web2022\/wp-json\/wp\/v2\/categories?post=25577"},{"taxonomy":"post_tag","embeddable":true,"href":"https:\/\/corebe.org.ar\/web2022\/wp-json\/wp\/v2\/tags?post=25577"}],"curies":[{"name":"wp","href":"https:\/\/api.w.org\/{rel}","templated":true}]}}