{"id":25591,"date":"2022-11-28T15:04:12","date_gmt":"2022-11-28T15:04:12","guid":{"rendered":"https:\/\/corebe.org.ar\/web2022\/?p=25591"},"modified":"2022-12-15T12:12:54","modified_gmt":"2022-12-15T12:12:54","slug":"alerta-epidemiologica-por-cianobacterias-en-el-rio-bermejo","status":"publish","type":"post","link":"https:\/\/corebe.org.ar\/web2022\/alerta-epidemiologica-por-cianobacterias-en-el-rio-bermejo\/","title":{"rendered":"Alerta epidemiol\u00f3gica por cianobacterias en el R\u00edo Bermejo"},"content":{"rendered":"<p>[vc_row][vc_column][vc_column_text]Debido a la aparici\u00f3n de algas en el R\u00edo Bermejo, comunicamos el Protocolo realizado por el Ministerio de Salud para que su difusi\u00f3n y para saber c\u00f3mo manejarse ante la aparici\u00f3n de alg\u00fan caso.[\/vc_column_text][vc_single_image image=\u00bb25592&#8243; img_size=\u00bbfull\u00bb onclick=\u00bblink_image\u00bb][\/vc_column][\/vc_row]<\/p>\n","protected":false},"excerpt":{"rendered":"<p>[vc_row][vc_column][vc_column_text]Debido a la aparici\u00f3n de algas en el R\u00edo Bermejo, comunicamos el Protocolo realizado por el Ministerio de Salud para&#8230;<\/p>\n","protected":false},"author":3,"featured_media":25592,"comment_status":"closed","ping_status":"closed","sticky":false,"template":"","format":"standard","meta":{"footnotes":""},"categories":[43],"tags":[],"class_list":{"0":"post-25591","1":"post","2":"type-post","3":"status-publish","4":"format-standard","5":"has-post-thumbnail","7":"category-noticias"},"yoast_head":"<!-- This site is optimized with the Yoast SEO plugin v19.6 - https:\/\/yoast.com\/wordpress\/plugins\/seo\/ -->\n<title>Alerta epidemiol\u00f3gica por cianobacterias en el R\u00edo Bermejo | COREBE<\/title>\n<meta name=\"robots\" content=\"index, follow, max-snippet:-1, max-image-preview:large, max-video-preview:-1\" \/>\n<link rel=\"canonical\" href=\"https:\/\/corebe.org.ar\/web2022\/alerta-epidemiologica-por-cianobacterias-en-el-rio-bermejo\/\" \/>\n<meta property=\"og:locale\" content=\"es_ES\" \/>\n<meta property=\"og:type\" content=\"article\" \/>\n<meta property=\"og:title\" content=\"Alerta epidemiol\u00f3gica por cianobacterias en el R\u00edo Bermejo | COREBE\" \/>\n<meta property=\"og:description\" content=\"[vc_row][vc_column][vc_column_text]Debido a la aparici\u00f3n de algas en el R\u00edo Bermejo, comunicamos el Protocolo realizado por el Ministerio de Salud para...\" \/>\n<meta property=\"og:url\" content=\"https:\/\/corebe.org.ar\/web2022\/alerta-epidemiologica-por-cianobacterias-en-el-rio-bermejo\/\" \/>\n<meta property=\"og:site_name\" content=\"COREBE\" \/>\n<meta property=\"article:published_time\" content=\"2022-11-28T15:04:12+00:00\" \/>\n<meta property=\"article:modified_time\" content=\"2022-12-15T12:12:54+00:00\" \/>\n<meta property=\"og:image\" content=\"https:\/\/corebe.org.ar\/web2022\/wp-content\/uploads\/corebe-alerta-epidemiologica-por-cianobacterias.jpg\" \/>\n\t<meta property=\"og:image:width\" content=\"566\" \/>\n\t<meta property=\"og:image:height\" content=\"800\" \/>\n\t<meta property=\"og:image:type\" content=\"image\/jpeg\" \/>\n<meta name=\"author\" content=\"admin\" \/>\n<meta name=\"twitter:card\" content=\"summary_large_image\" \/>\n<meta name=\"twitter:creator\" content=\"@COREBE_Bermejo\" \/>\n<meta name=\"twitter:site\" content=\"@COREBE_Bermejo\" \/>\n<meta name=\"twitter:label1\" content=\"Escrito por\" \/>\n\t<meta name=\"twitter:data1\" content=\"admin\" \/>\n\t<meta name=\"twitter:label2\" content=\"Tiempo de lectura\" \/>\n\t<meta name=\"twitter:data2\" content=\"1 minuto\" \/>\n<script type=\"application\/ld+json\" class=\"yoast-schema-graph\">{\"@context\":\"https:\/\/schema.org\",\"@graph\":[{\"@type\":\"Article\",\"@id\":\"https:\/\/corebe.org.ar\/web2022\/alerta-epidemiologica-por-cianobacterias-en-el-rio-bermejo\/#article\",\"isPartOf\":{\"@id\":\"https:\/\/corebe.org.ar\/web2022\/alerta-epidemiologica-por-cianobacterias-en-el-rio-bermejo\/\"},\"author\":{\"name\":\"admin\",\"@id\":\"https:\/\/corebe.org.ar\/web2022\/#\/schema\/person\/bc52db20ad18a8ada6a778e05fbd3358\"},\"headline\":\"Alerta epidemiol\u00f3gica por cianobacterias en el R\u00edo Bermejo\",\"datePublished\":\"2022-11-28T15:04:12+00:00\",\"dateModified\":\"2022-12-15T12:12:54+00:00\",\"mainEntityOfPage\":{\"@id\":\"https:\/\/corebe.org.ar\/web2022\/alerta-epidemiologica-por-cianobacterias-en-el-rio-bermejo\/\"},\"wordCount\":74,\"publisher\":{\"@id\":\"https:\/\/corebe.org.ar\/web2022\/#organization\"},\"articleSection\":[\"Noticias\"],\"inLanguage\":\"es\"},{\"@type\":\"WebPage\",\"@id\":\"https:\/\/corebe.org.ar\/web2022\/alerta-epidemiologica-por-cianobacterias-en-el-rio-bermejo\/\",\"url\":\"https:\/\/corebe.org.ar\/web2022\/alerta-epidemiologica-por-cianobacterias-en-el-rio-bermejo\/\",\"name\":\"Alerta epidemiol\u00f3gica por cianobacterias en el R\u00edo Bermejo | COREBE\",\"isPartOf\":{\"@id\":\"https:\/\/corebe.org.ar\/web2022\/#website\"},\"datePublished\":\"2022-11-28T15:04:12+00:00\",\"dateModified\":\"2022-12-15T12:12:54+00:00\",\"breadcrumb\":{\"@id\":\"https:\/\/corebe.org.ar\/web2022\/alerta-epidemiologica-por-cianobacterias-en-el-rio-bermejo\/#breadcrumb\"},\"inLanguage\":\"es\",\"potentialAction\":[{\"@type\":\"ReadAction\",\"target\":[\"https:\/\/corebe.org.ar\/web2022\/alerta-epidemiologica-por-cianobacterias-en-el-rio-bermejo\/\"]}]},{\"@type\":\"BreadcrumbList\",\"@id\":\"https:\/\/corebe.org.ar\/web2022\/alerta-epidemiologica-por-cianobacterias-en-el-rio-bermejo\/#breadcrumb\",\"itemListElement\":[{\"@type\":\"ListItem\",\"position\":1,\"name\":\"Portada\",\"item\":\"https:\/\/corebe.org.ar\/web2022\/\"},{\"@type\":\"ListItem\",\"position\":2,\"name\":\"Alerta epidemiol\u00f3gica por cianobacterias en el R\u00edo Bermejo\"}]},{\"@type\":\"WebSite\",\"@id\":\"https:\/\/corebe.org.ar\/web2022\/#website\",\"url\":\"https:\/\/corebe.org.ar\/web2022\/\",\"name\":\"COREBE\",\"description\":\"Comisi\u00f3n Regional del R\u00edo Bermejo\",\"publisher\":{\"@id\":\"https:\/\/corebe.org.ar\/web2022\/#organization\"},\"potentialAction\":[{\"@type\":\"SearchAction\",\"target\":{\"@type\":\"EntryPoint\",\"urlTemplate\":\"https:\/\/corebe.org.ar\/web2022\/?s={search_term_string}\"},\"query-input\":\"required name=search_term_string\"}],\"inLanguage\":\"es\"},{\"@type\":\"Organization\",\"@id\":\"https:\/\/corebe.org.ar\/web2022\/#organization\",\"name\":\"COREBE\",\"url\":\"https:\/\/corebe.org.ar\/web2022\/\",\"sameAs\":[\"https:\/\/twitter.com\/COREBE_Bermejo\"],\"logo\":{\"@type\":\"ImageObject\",\"inLanguage\":\"es\",\"@id\":\"https:\/\/corebe.org.ar\/web2022\/#\/schema\/logo\/image\/\",\"url\":\"https:\/\/corebe.org.ar\/web2022\/wp-content\/uploads\/2022\/03\/corebe-logo-04.png\",\"contentUrl\":\"https:\/\/corebe.org.ar\/web2022\/wp-content\/uploads\/2022\/03\/corebe-logo-04.png\",\"width\":512,\"height\":512,\"caption\":\"COREBE\"},\"image\":{\"@id\":\"https:\/\/corebe.org.ar\/web2022\/#\/schema\/logo\/image\/\"}},{\"@type\":\"Person\",\"@id\":\"https:\/\/corebe.org.ar\/web2022\/#\/schema\/person\/bc52db20ad18a8ada6a778e05fbd3358\",\"name\":\"admin\",\"image\":{\"@type\":\"ImageObject\",\"inLanguage\":\"es\",\"@id\":\"https:\/\/corebe.org.ar\/web2022\/#\/schema\/person\/image\/\",\"url\":\"https:\/\/secure.gravatar.com\/avatar\/0ad1a6b61eaa2827c4f5e4daedf15d362070f9792a62e9a177ac1dfe605477ad?s=96&d=mm&r=g\",\"contentUrl\":\"https:\/\/secure.gravatar.com\/avatar\/0ad1a6b61eaa2827c4f5e4daedf15d362070f9792a62e9a177ac1dfe605477ad?s=96&d=mm&r=g\",\"caption\":\"admin\"},\"url\":\"https:\/\/corebe.org.ar\/web2022\/author\/admin\/\"}]}<\/script>\n<!-- \/ Yoast SEO plugin. -->","yoast_head_json":{"title":"Alerta epidemiol\u00f3gica por cianobacterias en el R\u00edo Bermejo | COREBE","robots":{"index":"index","follow":"follow","max-snippet":"max-snippet:-1","max-image-preview":"max-image-preview:large","max-video-preview":"max-video-preview:-1"},"canonical":"https:\/\/corebe.org.ar\/web2022\/alerta-epidemiologica-por-cianobacterias-en-el-rio-bermejo\/","og_locale":"es_ES","og_type":"article","og_title":"Alerta epidemiol\u00f3gica por cianobacterias en el R\u00edo Bermejo | COREBE","og_description":"[vc_row][vc_column][vc_column_text]Debido a la aparici\u00f3n de algas en el R\u00edo Bermejo, comunicamos el Protocolo realizado por el Ministerio de Salud para...","og_url":"https:\/\/corebe.org.ar\/web2022\/alerta-epidemiologica-por-cianobacterias-en-el-rio-bermejo\/","og_site_name":"COREBE","article_published_time":"2022-11-28T15:04:12+00:00","article_modified_time":"2022-12-15T12:12:54+00:00","og_image":[{"width":566,"height":800,"url":"https:\/\/corebe.org.ar\/web2022\/wp-content\/uploads\/corebe-alerta-epidemiologica-por-cianobacterias.jpg","type":"image\/jpeg"}],"author":"admin","twitter_card":"summary_large_image","twitter_creator":"@COREBE_Bermejo","twitter_site":"@COREBE_Bermejo","twitter_misc":{"Escrito por":"admin","Tiempo de lectura":"1 minuto"},"schema":{"@context":"https:\/\/schema.org","@graph":[{"@type":"Article","@id":"https:\/\/corebe.org.ar\/web2022\/alerta-epidemiologica-por-cianobacterias-en-el-rio-bermejo\/#article","isPartOf":{"@id":"https:\/\/corebe.org.ar\/web2022\/alerta-epidemiologica-por-cianobacterias-en-el-rio-bermejo\/"},"author":{"name":"admin","@id":"https:\/\/corebe.org.ar\/web2022\/#\/schema\/person\/bc52db20ad18a8ada6a778e05fbd3358"},"headline":"Alerta epidemiol\u00f3gica por cianobacterias en el R\u00edo Bermejo","datePublished":"2022-11-28T15:04:12+00:00","dateModified":"2022-12-15T12:12:54+00:00","mainEntityOfPage":{"@id":"https:\/\/corebe.org.ar\/web2022\/alerta-epidemiologica-por-cianobacterias-en-el-rio-bermejo\/"},"wordCount":74,"publisher":{"@id":"https:\/\/corebe.org.ar\/web2022\/#organization"},"articleSection":["Noticias"],"inLanguage":"es"},{"@type":"WebPage","@id":"https:\/\/corebe.org.ar\/web2022\/alerta-epidemiologica-por-cianobacterias-en-el-rio-bermejo\/","url":"https:\/\/corebe.org.ar\/web2022\/alerta-epidemiologica-por-cianobacterias-en-el-rio-bermejo\/","name":"Alerta epidemiol\u00f3gica por cianobacterias en el R\u00edo Bermejo | COREBE","isPartOf":{"@id":"https:\/\/corebe.org.ar\/web2022\/#website"},"datePublished":"2022-11-28T15:04:12+00:00","dateModified":"2022-12-15T12:12:54+00:00","breadcrumb":{"@id":"https:\/\/corebe.org.ar\/web2022\/alerta-epidemiologica-por-cianobacterias-en-el-rio-bermejo\/#breadcrumb"},"inLanguage":"es","potentialAction":[{"@type":"ReadAction","target":["https:\/\/corebe.org.ar\/web2022\/alerta-epidemiologica-por-cianobacterias-en-el-rio-bermejo\/"]}]},{"@type":"BreadcrumbList","@id":"https:\/\/corebe.org.ar\/web2022\/alerta-epidemiologica-por-cianobacterias-en-el-rio-bermejo\/#breadcrumb","itemListElement":[{"@type":"ListItem","position":1,"name":"Portada","item":"https:\/\/corebe.org.ar\/web2022\/"},{"@type":"ListItem","position":2,"name":"Alerta epidemiol\u00f3gica por cianobacterias en el R\u00edo Bermejo"}]},{"@type":"WebSite","@id":"https:\/\/corebe.org.ar\/web2022\/#website","url":"https:\/\/corebe.org.ar\/web2022\/","name":"COREBE","description":"Comisi\u00f3n Regional del R\u00edo Bermejo","publisher":{"@id":"https:\/\/corebe.org.ar\/web2022\/#organization"},"potentialAction":[{"@type":"SearchAction","target":{"@type":"EntryPoint","urlTemplate":"https:\/\/corebe.org.ar\/web2022\/?s={search_term_string}"},"query-input":"required name=search_term_string"}],"inLanguage":"es"},{"@type":"Organization","@id":"https:\/\/corebe.org.ar\/web2022\/#organization","name":"COREBE","url":"https:\/\/corebe.org.ar\/web2022\/","sameAs":["https:\/\/twitter.com\/COREBE_Bermejo"],"logo":{"@type":"ImageObject","inLanguage":"es","@id":"https:\/\/corebe.org.ar\/web2022\/#\/schema\/logo\/image\/","url":"https:\/\/corebe.org.ar\/web2022\/wp-content\/uploads\/2022\/03\/corebe-logo-04.png","contentUrl":"https:\/\/corebe.org.ar\/web2022\/wp-content\/uploads\/2022\/03\/corebe-logo-04.png","width":512,"height":512,"caption":"COREBE"},"image":{"@id":"https:\/\/corebe.org.ar\/web2022\/#\/schema\/logo\/image\/"}},{"@type":"Person","@id":"https:\/\/corebe.org.ar\/web2022\/#\/schema\/person\/bc52db20ad18a8ada6a778e05fbd3358","name":"admin","image":{"@type":"ImageObject","inLanguage":"es","@id":"https:\/\/corebe.org.ar\/web2022\/#\/schema\/person\/image\/","url":"https:\/\/secure.gravatar.com\/avatar\/0ad1a6b61eaa2827c4f5e4daedf15d362070f9792a62e9a177ac1dfe605477ad?s=96&d=mm&r=g","contentUrl":"https:\/\/secure.gravatar.com\/avatar\/0ad1a6b61eaa2827c4f5e4daedf15d362070f9792a62e9a177ac1dfe605477ad?s=96&d=mm&r=g","caption":"admin"},"url":"https:\/\/corebe.org.ar\/web2022\/author\/admin\/"}]}},"_links":{"self":[{"href":"https:\/\/corebe.org.ar\/web2022\/wp-json\/wp\/v2\/posts\/25591","targetHints":{"allow":["GET"]}}],"collection":[{"href":"https:\/\/corebe.org.ar\/web2022\/wp-json\/wp\/v2\/posts"}],"about":[{"href":"https:\/\/corebe.org.ar\/web2022\/wp-json\/wp\/v2\/types\/post"}],"author":[{"embeddable":true,"href":"https:\/\/corebe.org.ar\/web2022\/wp-json\/wp\/v2\/users\/3"}],"replies":[{"embeddable":true,"href":"https:\/\/corebe.org.ar\/web2022\/wp-json\/wp\/v2\/comments?post=25591"}],"version-history":[{"count":4,"href":"https:\/\/corebe.org.ar\/web2022\/wp-json\/wp\/v2\/posts\/25591\/revisions"}],"predecessor-version":[{"id":25596,"href":"https:\/\/corebe.org.ar\/web2022\/wp-json\/wp\/v2\/posts\/25591\/revisions\/25596"}],"wp:featuredmedia":[{"embeddable":true,"href":"https:\/\/corebe.org.ar\/web2022\/wp-json\/wp\/v2\/media\/25592"}],"wp:attachment":[{"href":"https:\/\/corebe.org.ar\/web2022\/wp-json\/wp\/v2\/media?parent=25591"}],"wp:term":[{"taxonomy":"category","embeddable":true,"href":"https:\/\/corebe.org.ar\/web2022\/wp-json\/wp\/v2\/categories?post=25591"},{"taxonomy":"post_tag","embeddable":true,"href":"https:\/\/corebe.org.ar\/web2022\/wp-json\/wp\/v2\/tags?post=25591"}],"curies":[{"name":"wp","href":"https:\/\/api.w.org\/{rel}","templated":true}]}}