{"id":25601,"date":"2022-12-15T12:05:12","date_gmt":"2022-12-15T12:05:12","guid":{"rendered":"https:\/\/corebe.org.ar\/web2022\/?p=25601"},"modified":"2022-12-15T12:13:01","modified_gmt":"2022-12-15T12:13:01","slug":"seguridad-hidrica-en-purmamarca","status":"publish","type":"post","link":"https:\/\/corebe.org.ar\/web2022\/seguridad-hidrica-en-purmamarca\/","title":{"rendered":"Seguridad h\u00eddrica en Purmamarca"},"content":{"rendered":"<p>Representantes de COREBE, autoridades de la Direcci\u00f3n Provincial de Recursos H\u00eddricos y Municipio de Purmamarca encabezaron el acto de inicio de Obras de Protecci\u00f3n H\u00eddrica en la cuenca del Rio Purmamarca.<\/p>\n<p>El gobernador de Jujuy, Gerardo Morales, firm\u00f3\u00a0<span class=\"css-901oao css-16my406 r-poiln3 r-bcqeeo r-qvutc0\">el acta de inicio de obras respectivo a los sistemas de protecci\u00f3n h\u00eddrica en Purmamarca, a fin de sistematizar cursos de agua y prevenir desbordes que pudieran afectar los bienes y la vida de los pobladores de la zona.<\/span><\/p>\n","protected":false},"excerpt":{"rendered":"<p>Representantes de COREBE, autoridades de la Direcci\u00f3n Provincial de Recursos H\u00eddricos y Municipio de Purmamarca encabezaron el acto de inicio&#8230;<\/p>\n","protected":false},"author":3,"featured_media":25602,"comment_status":"closed","ping_status":"closed","sticky":false,"template":"","format":"standard","meta":{"footnotes":""},"categories":[43],"tags":[],"class_list":{"0":"post-25601","1":"post","2":"type-post","3":"status-publish","4":"format-standard","5":"has-post-thumbnail","7":"category-noticias"},"yoast_head":"<!-- This site is optimized with the Yoast SEO plugin v19.6 - https:\/\/yoast.com\/wordpress\/plugins\/seo\/ -->\n<title>Seguridad h\u00eddrica en Purmamarca | COREBE<\/title>\n<meta name=\"robots\" content=\"index, follow, max-snippet:-1, max-image-preview:large, max-video-preview:-1\" \/>\n<link rel=\"canonical\" href=\"https:\/\/corebe.org.ar\/web2022\/seguridad-hidrica-en-purmamarca\/\" \/>\n<meta property=\"og:locale\" content=\"es_ES\" \/>\n<meta property=\"og:type\" content=\"article\" \/>\n<meta property=\"og:title\" content=\"Seguridad h\u00eddrica en Purmamarca | COREBE\" \/>\n<meta property=\"og:description\" content=\"Representantes de COREBE, autoridades de la Direcci\u00f3n Provincial de Recursos H\u00eddricos y Municipio de Purmamarca encabezaron el acto de inicio...\" \/>\n<meta property=\"og:url\" content=\"https:\/\/corebe.org.ar\/web2022\/seguridad-hidrica-en-purmamarca\/\" \/>\n<meta property=\"og:site_name\" content=\"COREBE\" \/>\n<meta property=\"article:published_time\" content=\"2022-12-15T12:05:12+00:00\" \/>\n<meta property=\"article:modified_time\" content=\"2022-12-15T12:13:01+00:00\" \/>\n<meta property=\"og:image\" content=\"https:\/\/corebe.org.ar\/web2022\/wp-content\/uploads\/corebe.jpg\" \/>\n\t<meta property=\"og:image:width\" content=\"800\" \/>\n\t<meta property=\"og:image:height\" content=\"534\" \/>\n\t<meta property=\"og:image:type\" content=\"image\/jpeg\" \/>\n<meta name=\"author\" content=\"admin\" \/>\n<meta name=\"twitter:card\" content=\"summary_large_image\" \/>\n<meta name=\"twitter:creator\" content=\"@COREBE_Bermejo\" \/>\n<meta name=\"twitter:site\" content=\"@COREBE_Bermejo\" \/>\n<meta name=\"twitter:label1\" content=\"Escrito por\" \/>\n\t<meta name=\"twitter:data1\" content=\"admin\" \/>\n\t<meta name=\"twitter:label2\" content=\"Tiempo de lectura\" \/>\n\t<meta name=\"twitter:data2\" content=\"1 minuto\" \/>\n<script type=\"application\/ld+json\" class=\"yoast-schema-graph\">{\"@context\":\"https:\/\/schema.org\",\"@graph\":[{\"@type\":\"Article\",\"@id\":\"https:\/\/corebe.org.ar\/web2022\/seguridad-hidrica-en-purmamarca\/#article\",\"isPartOf\":{\"@id\":\"https:\/\/corebe.org.ar\/web2022\/seguridad-hidrica-en-purmamarca\/\"},\"author\":{\"name\":\"admin\",\"@id\":\"https:\/\/corebe.org.ar\/web2022\/#\/schema\/person\/bc52db20ad18a8ada6a778e05fbd3358\"},\"headline\":\"Seguridad h\u00eddrica en Purmamarca\",\"datePublished\":\"2022-12-15T12:05:12+00:00\",\"dateModified\":\"2022-12-15T12:13:01+00:00\",\"mainEntityOfPage\":{\"@id\":\"https:\/\/corebe.org.ar\/web2022\/seguridad-hidrica-en-purmamarca\/\"},\"wordCount\":88,\"publisher\":{\"@id\":\"https:\/\/corebe.org.ar\/web2022\/#organization\"},\"articleSection\":[\"Noticias\"],\"inLanguage\":\"es\"},{\"@type\":\"WebPage\",\"@id\":\"https:\/\/corebe.org.ar\/web2022\/seguridad-hidrica-en-purmamarca\/\",\"url\":\"https:\/\/corebe.org.ar\/web2022\/seguridad-hidrica-en-purmamarca\/\",\"name\":\"Seguridad h\u00eddrica en Purmamarca | COREBE\",\"isPartOf\":{\"@id\":\"https:\/\/corebe.org.ar\/web2022\/#website\"},\"datePublished\":\"2022-12-15T12:05:12+00:00\",\"dateModified\":\"2022-12-15T12:13:01+00:00\",\"breadcrumb\":{\"@id\":\"https:\/\/corebe.org.ar\/web2022\/seguridad-hidrica-en-purmamarca\/#breadcrumb\"},\"inLanguage\":\"es\",\"potentialAction\":[{\"@type\":\"ReadAction\",\"target\":[\"https:\/\/corebe.org.ar\/web2022\/seguridad-hidrica-en-purmamarca\/\"]}]},{\"@type\":\"BreadcrumbList\",\"@id\":\"https:\/\/corebe.org.ar\/web2022\/seguridad-hidrica-en-purmamarca\/#breadcrumb\",\"itemListElement\":[{\"@type\":\"ListItem\",\"position\":1,\"name\":\"Portada\",\"item\":\"https:\/\/corebe.org.ar\/web2022\/\"},{\"@type\":\"ListItem\",\"position\":2,\"name\":\"Seguridad h\u00eddrica en Purmamarca\"}]},{\"@type\":\"WebSite\",\"@id\":\"https:\/\/corebe.org.ar\/web2022\/#website\",\"url\":\"https:\/\/corebe.org.ar\/web2022\/\",\"name\":\"COREBE\",\"description\":\"Comisi\u00f3n Regional del R\u00edo Bermejo\",\"publisher\":{\"@id\":\"https:\/\/corebe.org.ar\/web2022\/#organization\"},\"potentialAction\":[{\"@type\":\"SearchAction\",\"target\":{\"@type\":\"EntryPoint\",\"urlTemplate\":\"https:\/\/corebe.org.ar\/web2022\/?s={search_term_string}\"},\"query-input\":\"required name=search_term_string\"}],\"inLanguage\":\"es\"},{\"@type\":\"Organization\",\"@id\":\"https:\/\/corebe.org.ar\/web2022\/#organization\",\"name\":\"COREBE\",\"url\":\"https:\/\/corebe.org.ar\/web2022\/\",\"sameAs\":[\"https:\/\/twitter.com\/COREBE_Bermejo\"],\"logo\":{\"@type\":\"ImageObject\",\"inLanguage\":\"es\",\"@id\":\"https:\/\/corebe.org.ar\/web2022\/#\/schema\/logo\/image\/\",\"url\":\"https:\/\/corebe.org.ar\/web2022\/wp-content\/uploads\/2022\/03\/corebe-logo-04.png\",\"contentUrl\":\"https:\/\/corebe.org.ar\/web2022\/wp-content\/uploads\/2022\/03\/corebe-logo-04.png\",\"width\":512,\"height\":512,\"caption\":\"COREBE\"},\"image\":{\"@id\":\"https:\/\/corebe.org.ar\/web2022\/#\/schema\/logo\/image\/\"}},{\"@type\":\"Person\",\"@id\":\"https:\/\/corebe.org.ar\/web2022\/#\/schema\/person\/bc52db20ad18a8ada6a778e05fbd3358\",\"name\":\"admin\",\"image\":{\"@type\":\"ImageObject\",\"inLanguage\":\"es\",\"@id\":\"https:\/\/corebe.org.ar\/web2022\/#\/schema\/person\/image\/\",\"url\":\"https:\/\/secure.gravatar.com\/avatar\/0ad1a6b61eaa2827c4f5e4daedf15d362070f9792a62e9a177ac1dfe605477ad?s=96&d=mm&r=g\",\"contentUrl\":\"https:\/\/secure.gravatar.com\/avatar\/0ad1a6b61eaa2827c4f5e4daedf15d362070f9792a62e9a177ac1dfe605477ad?s=96&d=mm&r=g\",\"caption\":\"admin\"},\"url\":\"https:\/\/corebe.org.ar\/web2022\/author\/admin\/\"}]}<\/script>\n<!-- \/ Yoast SEO plugin. -->","yoast_head_json":{"title":"Seguridad h\u00eddrica en Purmamarca | COREBE","robots":{"index":"index","follow":"follow","max-snippet":"max-snippet:-1","max-image-preview":"max-image-preview:large","max-video-preview":"max-video-preview:-1"},"canonical":"https:\/\/corebe.org.ar\/web2022\/seguridad-hidrica-en-purmamarca\/","og_locale":"es_ES","og_type":"article","og_title":"Seguridad h\u00eddrica en Purmamarca | COREBE","og_description":"Representantes de COREBE, autoridades de la Direcci\u00f3n Provincial de Recursos H\u00eddricos y Municipio de Purmamarca encabezaron el acto de inicio...","og_url":"https:\/\/corebe.org.ar\/web2022\/seguridad-hidrica-en-purmamarca\/","og_site_name":"COREBE","article_published_time":"2022-12-15T12:05:12+00:00","article_modified_time":"2022-12-15T12:13:01+00:00","og_image":[{"width":800,"height":534,"url":"https:\/\/corebe.org.ar\/web2022\/wp-content\/uploads\/corebe.jpg","type":"image\/jpeg"}],"author":"admin","twitter_card":"summary_large_image","twitter_creator":"@COREBE_Bermejo","twitter_site":"@COREBE_Bermejo","twitter_misc":{"Escrito por":"admin","Tiempo de lectura":"1 minuto"},"schema":{"@context":"https:\/\/schema.org","@graph":[{"@type":"Article","@id":"https:\/\/corebe.org.ar\/web2022\/seguridad-hidrica-en-purmamarca\/#article","isPartOf":{"@id":"https:\/\/corebe.org.ar\/web2022\/seguridad-hidrica-en-purmamarca\/"},"author":{"name":"admin","@id":"https:\/\/corebe.org.ar\/web2022\/#\/schema\/person\/bc52db20ad18a8ada6a778e05fbd3358"},"headline":"Seguridad h\u00eddrica en Purmamarca","datePublished":"2022-12-15T12:05:12+00:00","dateModified":"2022-12-15T12:13:01+00:00","mainEntityOfPage":{"@id":"https:\/\/corebe.org.ar\/web2022\/seguridad-hidrica-en-purmamarca\/"},"wordCount":88,"publisher":{"@id":"https:\/\/corebe.org.ar\/web2022\/#organization"},"articleSection":["Noticias"],"inLanguage":"es"},{"@type":"WebPage","@id":"https:\/\/corebe.org.ar\/web2022\/seguridad-hidrica-en-purmamarca\/","url":"https:\/\/corebe.org.ar\/web2022\/seguridad-hidrica-en-purmamarca\/","name":"Seguridad h\u00eddrica en Purmamarca | COREBE","isPartOf":{"@id":"https:\/\/corebe.org.ar\/web2022\/#website"},"datePublished":"2022-12-15T12:05:12+00:00","dateModified":"2022-12-15T12:13:01+00:00","breadcrumb":{"@id":"https:\/\/corebe.org.ar\/web2022\/seguridad-hidrica-en-purmamarca\/#breadcrumb"},"inLanguage":"es","potentialAction":[{"@type":"ReadAction","target":["https:\/\/corebe.org.ar\/web2022\/seguridad-hidrica-en-purmamarca\/"]}]},{"@type":"BreadcrumbList","@id":"https:\/\/corebe.org.ar\/web2022\/seguridad-hidrica-en-purmamarca\/#breadcrumb","itemListElement":[{"@type":"ListItem","position":1,"name":"Portada","item":"https:\/\/corebe.org.ar\/web2022\/"},{"@type":"ListItem","position":2,"name":"Seguridad h\u00eddrica en Purmamarca"}]},{"@type":"WebSite","@id":"https:\/\/corebe.org.ar\/web2022\/#website","url":"https:\/\/corebe.org.ar\/web2022\/","name":"COREBE","description":"Comisi\u00f3n Regional del R\u00edo Bermejo","publisher":{"@id":"https:\/\/corebe.org.ar\/web2022\/#organization"},"potentialAction":[{"@type":"SearchAction","target":{"@type":"EntryPoint","urlTemplate":"https:\/\/corebe.org.ar\/web2022\/?s={search_term_string}"},"query-input":"required name=search_term_string"}],"inLanguage":"es"},{"@type":"Organization","@id":"https:\/\/corebe.org.ar\/web2022\/#organization","name":"COREBE","url":"https:\/\/corebe.org.ar\/web2022\/","sameAs":["https:\/\/twitter.com\/COREBE_Bermejo"],"logo":{"@type":"ImageObject","inLanguage":"es","@id":"https:\/\/corebe.org.ar\/web2022\/#\/schema\/logo\/image\/","url":"https:\/\/corebe.org.ar\/web2022\/wp-content\/uploads\/2022\/03\/corebe-logo-04.png","contentUrl":"https:\/\/corebe.org.ar\/web2022\/wp-content\/uploads\/2022\/03\/corebe-logo-04.png","width":512,"height":512,"caption":"COREBE"},"image":{"@id":"https:\/\/corebe.org.ar\/web2022\/#\/schema\/logo\/image\/"}},{"@type":"Person","@id":"https:\/\/corebe.org.ar\/web2022\/#\/schema\/person\/bc52db20ad18a8ada6a778e05fbd3358","name":"admin","image":{"@type":"ImageObject","inLanguage":"es","@id":"https:\/\/corebe.org.ar\/web2022\/#\/schema\/person\/image\/","url":"https:\/\/secure.gravatar.com\/avatar\/0ad1a6b61eaa2827c4f5e4daedf15d362070f9792a62e9a177ac1dfe605477ad?s=96&d=mm&r=g","contentUrl":"https:\/\/secure.gravatar.com\/avatar\/0ad1a6b61eaa2827c4f5e4daedf15d362070f9792a62e9a177ac1dfe605477ad?s=96&d=mm&r=g","caption":"admin"},"url":"https:\/\/corebe.org.ar\/web2022\/author\/admin\/"}]}},"_links":{"self":[{"href":"https:\/\/corebe.org.ar\/web2022\/wp-json\/wp\/v2\/posts\/25601","targetHints":{"allow":["GET"]}}],"collection":[{"href":"https:\/\/corebe.org.ar\/web2022\/wp-json\/wp\/v2\/posts"}],"about":[{"href":"https:\/\/corebe.org.ar\/web2022\/wp-json\/wp\/v2\/types\/post"}],"author":[{"embeddable":true,"href":"https:\/\/corebe.org.ar\/web2022\/wp-json\/wp\/v2\/users\/3"}],"replies":[{"embeddable":true,"href":"https:\/\/corebe.org.ar\/web2022\/wp-json\/wp\/v2\/comments?post=25601"}],"version-history":[{"count":1,"href":"https:\/\/corebe.org.ar\/web2022\/wp-json\/wp\/v2\/posts\/25601\/revisions"}],"predecessor-version":[{"id":25603,"href":"https:\/\/corebe.org.ar\/web2022\/wp-json\/wp\/v2\/posts\/25601\/revisions\/25603"}],"wp:featuredmedia":[{"embeddable":true,"href":"https:\/\/corebe.org.ar\/web2022\/wp-json\/wp\/v2\/media\/25602"}],"wp:attachment":[{"href":"https:\/\/corebe.org.ar\/web2022\/wp-json\/wp\/v2\/media?parent=25601"}],"wp:term":[{"taxonomy":"category","embeddable":true,"href":"https:\/\/corebe.org.ar\/web2022\/wp-json\/wp\/v2\/categories?post=25601"},{"taxonomy":"post_tag","embeddable":true,"href":"https:\/\/corebe.org.ar\/web2022\/wp-json\/wp\/v2\/tags?post=25601"}],"curies":[{"name":"wp","href":"https:\/\/api.w.org\/{rel}","templated":true}]}}